{"id":100,"date":"2016-04-18T13:20:52","date_gmt":"2016-04-18T11:20:52","guid":{"rendered":"http:\/\/pieszkow.pl\/?p=100"},"modified":"2023-03-02T19:40:17","modified_gmt":"2023-03-02T18:40:17","slug":"rada-solecka","status":"publish","type":"post","link":"https:\/\/pieszkow.pl\/?p=100","title":{"rendered":"RADA SO\u0141ECKA"},"content":{"rendered":"<p style=\"text-align: center;\"><strong>SK\u0141AD RADY SO\u0141ECKIEJ NA LATA 2023-2027<\/strong><\/p>\n<p style=\"text-align: left;\">\u00a0 \u00a0 \u00a0 \u00a0 \u00a0 \u00a0 \u00a0 \u00a0 \u00a0 \u00a01. ROBERT STACHOWSKI &#8211; PRZEWODNICZ\u0104CY<\/p>\n<p style=\"text-align: left;\">\u00a0\u00a0\u00a0\u00a0\u00a0\u00a0\u00a0\u00a0\u00a0\u00a0\u00a0\u00a0\u00a0\u00a0\u00a0\u00a0 \u00a0 2. JOANNA KRUPA<\/p>\n<p style=\"text-align: left;\">\u00a0\u00a0\u00a0\u00a0\u00a0\u00a0\u00a0\u00a0\u00a0\u00a0\u00a0\u00a0\u00a0\u00a0\u00a0\u00a0\u00a0\u00a0 3. HALINA PE\u0106<\/p>\n<p style=\"text-align: left;\">\u00a0\u00a0\u00a0\u00a0\u00a0\u00a0\u00a0\u00a0\u00a0\u00a0\u00a0\u00a0\u00a0\u00a0\u00a0\u00a0\u00a0\u00a0 4. MAREK PASZKOT<\/p>\n<p style=\"text-align: left;\"><span style=\"text-decoration: underline;\"><a href=\"http:\/\/pieszkow.pl\/wp-content\/uploads\/2018\/02\/Statut-so\u0142ectwa-Pieszk\u00f3w.pdf\"><em><strong>Statut so\u0142ectwa Pieszk\u00f3w<\/strong><\/em><img loading=\"lazy\" decoding=\"async\" width=\"32\" height=\"32\" class=\"alignnone size-full wp-image-631\" src=\"http:\/\/pieszkow.pl\/wp-content\/uploads\/2016\/04\/PDF_32x32.png\" alt=\"PDF_32x32\" \/><\/a><\/span><\/p>\n<p style=\"text-align: left;\"><em><u><a href=\"http:\/\/pieszkow.pl\/wp-content\/uploads\/2016\/08\/Zadania-z-funduszu-so\u0142eckiego-na-rok-2016.pdf\"><strong>Zadania z funduszu so\u0142eckiego na rok 2016<\/strong> <img loading=\"lazy\" decoding=\"async\" width=\"32\" height=\"32\" class=\"alignnone size-full wp-image-631\" src=\"http:\/\/pieszkow.pl\/wp-content\/uploads\/2016\/04\/PDF_32x32.png\" alt=\"PDF_32x32\" \/><\/a><br \/>\n<\/u><\/em><\/p>\n<p style=\"text-align: left;\"><a href=\"http:\/\/pieszkow.pl\/wp-content\/uploads\/2017\/01\/Zadania-do-realizacji-z-funduszu-so\u0142eckiego-na-rok-2017.pdf\"><em><u><strong>Zadania z funduszu so\u0142eckiego na rok 2017<\/strong> <img loading=\"lazy\" decoding=\"async\" width=\"32\" height=\"32\" class=\"alignnone size-full wp-image-631\" src=\"http:\/\/pieszkow.pl\/wp-content\/uploads\/2016\/04\/PDF_32x32.png\" alt=\"PDF_32x32\" \/><\/u><\/em><\/a><\/p>\n<p><a href=\"http:\/\/pieszkow.pl\/?page_id=4461\"><strong><em><u>Zebranie Wiejskie So\u0142ectwa Pieszk\u00f3w dotycz\u0105ce podzia\u0142u funduszu na rok 2018.<\/u> <\/em><\/strong><\/a><\/p>\n<p><a href=\"http:\/\/pieszkow.pl\/wp-content\/uploads\/2018\/11\/Fundusz-so\u0142ecki-na-rok-2019.pdf\"><em><u><strong>Zadania z funduszu so\u0142eckiego na rok 2019<\/strong>\u00a0<img loading=\"lazy\" decoding=\"async\" width=\"32\" height=\"32\" class=\"alignnone size-full wp-image-631\" src=\"http:\/\/pieszkow.pl\/wp-content\/uploads\/2016\/04\/PDF_32x32.png\" alt=\"PDF_32x32\" \/><\/u><\/em><\/a><\/p>\n<p style=\"text-align: center; font-size: 2em; margin-top: 0px;\"><span style=\"color: #993300;\">***********<\/span><\/p>\n","protected":false},"excerpt":{"rendered":"SK\u0141AD RADY SO\u0141ECKIEJ NA LATA 2023-2027 \u00a0 \u00a0 \u00a0 \u00a0 \u00a0 \u00a0 \u00a0 \u00a0 \u00a0 \u00a01. ROBERT STACHOWSKI &#8211; PRZEWODNICZ\u0104CY \u00a0\u00a0\u00a0\u00a0\u00a0\u00a0\u00a0\u00a0\u00a0\u00a0\u00a0\u00a0\u00a0\u00a0\u00a0\u00a0 \u00a0 2. JOANNA KRUPA \u00a0\u00a0\u00a0\u00a0\u00a0\u00a0\u00a0\u00a0\u00a0\u00a0\u00a0\u00a0\u00a0\u00a0\u00a0\u00a0\u00a0\u00a0 3. HALINA PE\u0106 \u00a0\u00a0\u00a0\u00a0\u00a0\u00a0\u00a0\u00a0\u00a0\u00a0\u00a0\u00a0\u00a0\u00a0\u00a0\u00a0\u00a0\u00a0 4. MAREK PASZKOT Statut so\u0142ectwa Pieszk\u00f3w Zadania z funduszu so\u0142eckiego na rok 2016 Zadania z funduszu so\u0142eckiego na rok 2017 Zebranie Wiejskie So\u0142ectwa Pieszk\u00f3w dotycz\u0105ce&#8230; <a class=\"view-article\" href=\"https:\/\/pieszkow.pl\/?p=100\">Czytaj ca\u0142o\u015b\u0107&#8230;<\/a>","protected":false},"author":1,"featured_media":0,"comment_status":"closed","ping_status":"closed","sticky":false,"template":"","format":"standard","meta":{"footnotes":""},"categories":[8],"tags":[],"class_list":["post-100","post","type-post","status-publish","format-standard","hentry","category-rada-solecka"],"_links":{"self":[{"href":"https:\/\/pieszkow.pl\/index.php?rest_route=\/wp\/v2\/posts\/100","targetHints":{"allow":["GET"]}}],"collection":[{"href":"https:\/\/pieszkow.pl\/index.php?rest_route=\/wp\/v2\/posts"}],"about":[{"href":"https:\/\/pieszkow.pl\/index.php?rest_route=\/wp\/v2\/types\/post"}],"author":[{"embeddable":true,"href":"https:\/\/pieszkow.pl\/index.php?rest_route=\/wp\/v2\/users\/1"}],"replies":[{"embeddable":true,"href":"https:\/\/pieszkow.pl\/index.php?rest_route=%2Fwp%2Fv2%2Fcomments&post=100"}],"version-history":[{"count":50,"href":"https:\/\/pieszkow.pl\/index.php?rest_route=\/wp\/v2\/posts\/100\/revisions"}],"predecessor-version":[{"id":7628,"href":"https:\/\/pieszkow.pl\/index.php?rest_route=\/wp\/v2\/posts\/100\/revisions\/7628"}],"wp:attachment":[{"href":"https:\/\/pieszkow.pl\/index.php?rest_route=%2Fwp%2Fv2%2Fmedia&parent=100"}],"wp:term":[{"taxonomy":"category","embeddable":true,"href":"https:\/\/pieszkow.pl\/index.php?rest_route=%2Fwp%2Fv2%2Fcategories&post=100"},{"taxonomy":"post_tag","embeddable":true,"href":"https:\/\/pieszkow.pl\/index.php?rest_route=%2Fwp%2Fv2%2Ftags&post=100"}],"curies":[{"name":"wp","href":"https:\/\/api.w.org\/{rel}","templated":true}]}}