{"id":1059,"date":"2016-04-29T12:55:12","date_gmt":"2016-04-29T10:55:12","guid":{"rendered":"http:\/\/pieszkow.pl\/?p=1059"},"modified":"2016-09-30T08:51:45","modified_gmt":"2016-09-30T06:51:45","slug":"glosy-mieszkancow","status":"publish","type":"post","link":"https:\/\/pieszkow.pl\/?p=1059","title":{"rendered":"G\u0141OSY MIESZKA\u0143C\u00d3W"},"content":{"rendered":"<p style=\"text-align: center;\"><span style=\"text-decoration: underline;\"><strong>Zapraszamy do dyskusji<\/strong><\/span><\/p>\n<p style=\"text-align: left;\">22.09.2016<\/p>\n<p style=\"text-align: justify;\">Witam,<br \/>\nRegularnie odwiedzam Stron\u0119 Pieszkowa i czeka\u0142am na informacje dot.zebrania w sprawie podzia\u0142u funduszu soleckiego. Wchodzi\u0142am na zak\u0142adk\u0119 &#8222;so\u0142tys&#8221;,&#8221;g\u0142osy mieszka\u0144c\u00f3w&#8221;,&#8221;z \u017cycia mieszka\u0144c\u00f3w&#8221;, do pewnego czasu te\u017c na.archiwum wiadomo\u015bci,ale widz\u0105c tam ci\u0105gle info<br \/>\no Euro 2016 przesta\u0142am &#8211; w sumie to archiwum.No i tym sposobem omin\u0119\u0142a mnie wiadomo\u015b\u0107 na temat zebrania,kt\u00f3re ju\u017c si\u0119 odby\u0142o.Proponuje doda\u0107 zak\u0142adk\u0119 AKTUALNO\u015aCI i gromadzi\u0107 tam bie\u017c\u0105ce informacje a po np tygodniu \/ miesi\u0105cu przerzucaj\u0105c je do archiwum wiadomo\u015bci.<\/p>\n<p style=\"text-align: justify;\"><strong>Z pozdrowieniami<\/strong><br \/>\n<strong> Aleksandra Choniawko<\/strong><\/p>\n<p>odp. administratora strony:<br \/>\n<strong><hr class=\"wc-shortcodes-spacing \" style=\"height: 5px\" \/><\/strong>Dzi\u0119kujemy za odwiedzanie naszej strony i za tego maila.<br \/>\nOd pocz\u0105tku tworzenia strony starali\u015bmy si\u0119, aby wszystkie bie\u017c\u0105ce aktualno\u015bci by\u0142y jak najbardziej czytelne i aby dociera\u0142y do wszystkich mieszka\u0144c\u00f3w. W tym celu przecie\u017c zosta\u0142a stworzona ta strona.<br \/>\nInformacja o zebraniu pojawi\u0142a si\u0119 w dniu 09.09.2016 w dziale aktualno\u015bci, kt\u00f3ry znajduje si\u0119 na stronie g\u0142\u00f3wnej (czyli w tym samym miejscu co wczorajsza informacja na temat podzia\u0142u tych \u015brodk\u00f3w, kt\u00f3ra jak rozumiem teraz by\u0142a widoczna). Strona jest tak zbudowana, \u017ce aktualno\u015bci s\u0105 na stronie g\u0142\u00f3wnej (jak w wi\u0119kszo\u015bci stron i serwis\u00f3w internetowych )i z tego miejsca s\u0105 dopiero przenoszone do archiwum. Nale\u017cy po prostu przewin\u0105\u0107 stron\u0119 troch\u0119 ni\u017cej. Aby wyj\u015b\u0107 na przeciw Pani uwagom przesuniemy aktualno\u015bci wy\u017cej, czyli tu\u017c za blokiem &#8222;g\u0142osy mieszka\u0144c\u00f3w&#8221;. Mo\u017ce w tym miejscu b\u0119d\u0105 bardziej widoczne.<\/p>\n<hr \/>\n<hr \/>\n<p style=\"text-align: justify;\">03.06.2016<\/p>\n<p style=\"text-align: justify;\">\u00a0\u00a0\u00a0\u00a0\u00a0 Bardzo fajnie \u017ce ukaza\u0142a si\u0119 taka strona i wiadomo\u015bci o mieszka\u0144cach Pieszkowa. Szkoda tylko \u017ce tak p\u00f3\u017ano to si\u0119 sta\u0142o i ja, pomimo tego, \u017ce z Pieszkowem jestem zwi\u0105zany od 1983 roku nie mia\u0142em w\u0142a\u015bciwych kontakt\u00f3w z w\u0142adzami wioski.<\/p>\n<p style=\"text-align: justify;\">Stara\u0142em si\u0119 o to ale nic z tego nie wychodzi\u0142o i kto\u015b w ko\u0144cu powiedzia\u0142 mi \u017cebym sobie Pieszkowem g\u0142owy nie zawraca\u0142 bo nikt mi nie pomo\u017ce a mia\u0142em, z powodu prowadzonej tu winnicy bardzo du\u017ce kontakty krajowe i zagraniczne i by\u0142y mo\u017cliwo\u015bci \u017ceby Pieszk\u00f3w chocia\u017c troch\u0119 ruszy\u0107. Dobrze wi\u0119c si\u0119 sta\u0142o \u017ce do Pieszkowa przybyli nowi mieszka\u0144cy, powsta\u0142y nowe gospodarstwa i co\u015b si\u0119 ruszy\u0142o.<\/p>\n<p style=\"text-align: justify;\">Przeczyta\u0142em histori\u0119 Pieszkowa i brak mi tu wsp\u00f3\u0142czesno\u015bci. Przyda\u0142aby si\u0119 np.informacja o pierwszych powojennych osadnikach, o ciekawych mieszka\u0144cach tu obecnie mieszkaj\u0105cych, np.o pierwszych osadnikach &#8211; rodzinach Surmaczy i Ozg\u00f3w a tak\u017ce np.mieszkaj\u0105cym tu by\u0142ym pracowniku Defilu maj\u0105cego z\u0142ote r\u0105czki dla lutnictwa a tak\u017ce innego, mieszkaj\u0105cego tu lutnika. Z ca\u0142\u0105 pewno\u015bci\u0105 s\u0105 tu tak\u017ce inni ciekawi mieszka\u0144cy kt\u00f3rych warto by przepyta\u0107 i poprosi\u0107 o ich histori\u0119.<\/p>\n<p style=\"text-align: justify;\">Warto mo\u017ce jeszcze bardziej zaanga\u017cowa\u0107 mieszka\u0144c\u00f3w dla lepszego zagospodarowania ca\u0142ej wioski i jej estetyki. Szkoda tylko \u017ce ja nie jestem ju\u017c w stanie uczestniczy\u0107 w takich poczynaniach bo ze wzgl\u0119du na wiek i stan zdrowia jestem zmuszony do zako\u0144czenia mojej uprawy winoro\u015bli a tym samym ograniczenia kontakt\u00f3w z Pieszkowem i jego mieszka\u0144cami.<\/p>\n<p style=\"text-align: justify;\">\u017bycz\u0119 aktywistom z Pieszkowa \u017ceby jeszcze bardziej starali si\u0119 Pieszk\u00f3w rozrusza\u0107 a takich mieszka\u0144c\u00f3w jeszcze troch\u0119 si\u0119 znajdzie.<\/p>\n<p style=\"text-align: justify;\"><em><strong>W\u0142adys\u0142aw Deptu\u0142a \u2013 winnica &#8222;DEWIN&#8221; na g\u00f3rce pod lasem.<\/strong><\/em><\/p>\n<p>odp. administratora strony:<\/p>\n<p><strong><em>Dzi\u0119kuj\u0119 bardzo za odwiedzenie naszej strony i wyra\u017cenie swojej opinii.\u00a0 Pana sugestie bardzo nam si\u0119 podobaj\u0105 i z pewno\u015bci\u0105 wykorzystamy pomys\u0142 o stworzeniu nowej historii Pieszkowa.<\/em> <\/strong><\/p>\n<p>&nbsp;<\/p>\n<hr \/>\n<hr \/>\n<p>&nbsp;<\/p>\n","protected":false},"excerpt":{"rendered":"Zapraszamy do dyskusji 22.09.2016 Witam, Regularnie odwiedzam Stron\u0119 Pieszkowa i czeka\u0142am na informacje dot.zebrania w sprawie podzia\u0142u funduszu soleckiego. Wchodzi\u0142am na zak\u0142adk\u0119 &#8222;so\u0142tys&#8221;,&#8221;g\u0142osy mieszka\u0144c\u00f3w&#8221;,&#8221;z \u017cycia mieszka\u0144c\u00f3w&#8221;, do pewnego czasu te\u017c na.archiwum wiadomo\u015bci,ale widz\u0105c tam ci\u0105gle info o Euro 2016 przesta\u0142am &#8211; w sumie to archiwum.No i tym sposobem omin\u0119\u0142a mnie wiadomo\u015b\u0107 na temat zebrania,kt\u00f3re ju\u017c&#8230; <a class=\"view-article\" href=\"https:\/\/pieszkow.pl\/?p=1059\">Czytaj ca\u0142o\u015b\u0107&#8230;<\/a>","protected":false},"author":1,"featured_media":0,"comment_status":"closed","ping_status":"closed","sticky":false,"template":"","format":"standard","meta":{"footnotes":""},"categories":[12],"tags":[],"class_list":["post-1059","post","type-post","status-publish","format-standard","hentry","category-glosy-mieszkancow"],"_links":{"self":[{"href":"https:\/\/pieszkow.pl\/index.php?rest_route=\/wp\/v2\/posts\/1059","targetHints":{"allow":["GET"]}}],"collection":[{"href":"https:\/\/pieszkow.pl\/index.php?rest_route=\/wp\/v2\/posts"}],"about":[{"href":"https:\/\/pieszkow.pl\/index.php?rest_route=\/wp\/v2\/types\/post"}],"author":[{"embeddable":true,"href":"https:\/\/pieszkow.pl\/index.php?rest_route=\/wp\/v2\/users\/1"}],"replies":[{"embeddable":true,"href":"https:\/\/pieszkow.pl\/index.php?rest_route=%2Fwp%2Fv2%2Fcomments&post=1059"}],"version-history":[{"count":10,"href":"https:\/\/pieszkow.pl\/index.php?rest_route=\/wp\/v2\/posts\/1059\/revisions"}],"predecessor-version":[{"id":2627,"href":"https:\/\/pieszkow.pl\/index.php?rest_route=\/wp\/v2\/posts\/1059\/revisions\/2627"}],"wp:attachment":[{"href":"https:\/\/pieszkow.pl\/index.php?rest_route=%2Fwp%2Fv2%2Fmedia&parent=1059"}],"wp:term":[{"taxonomy":"category","embeddable":true,"href":"https:\/\/pieszkow.pl\/index.php?rest_route=%2Fwp%2Fv2%2Fcategories&post=1059"},{"taxonomy":"post_tag","embeddable":true,"href":"https:\/\/pieszkow.pl\/index.php?rest_route=%2Fwp%2Fv2%2Ftags&post=1059"}],"curies":[{"name":"wp","href":"https:\/\/api.w.org\/{rel}","templated":true}]}}