{"id":7371,"date":"2022-01-02T17:45:30","date_gmt":"2022-01-02T16:45:30","guid":{"rendered":"http:\/\/pieszkow.pl\/?p=7371"},"modified":"2025-06-19T17:59:13","modified_gmt":"2025-06-19T15:59:13","slug":"transmisja-mszy-swietej","status":"publish","type":"post","link":"https:\/\/pieszkow.pl\/?p=7371","title":{"rendered":"Transmisja mszy \u015bwi\u0119tej"},"content":{"rendered":"\n<p> <strong><hr class=\"wc-shortcodes-spacing \" style=\"height: 10px\" \/><\/strong> <\/p>\n\n\n\n<p><\/p>\n\n\n\n<div class=\"wp-block-image\"><figure class=\"aligncenter is-resized\"><a href=\"https:\/\/www.youtube.com\/channel\/UC4uzG7jwem5jQit_UAZKBzw\/live\"><img loading=\"lazy\" decoding=\"async\" src=\"http:\/\/pieszkow.pl\/wp-content\/uploads\/2022\/01\/Transmisja-1-700x409.jpg\" alt=\"\" class=\"wp-image-7373\" width=\"286\" height=\"166\" srcset=\"https:\/\/pieszkow.pl\/wp-content\/uploads\/2022\/01\/Transmisja-1-700x409.jpg 700w, https:\/\/pieszkow.pl\/wp-content\/uploads\/2022\/01\/Transmisja-1-250x146.jpg 250w, https:\/\/pieszkow.pl\/wp-content\/uploads\/2022\/01\/Transmisja-1-768x448.jpg 768w, https:\/\/pieszkow.pl\/wp-content\/uploads\/2022\/01\/Transmisja-1-120x70.jpg 120w, https:\/\/pieszkow.pl\/wp-content\/uploads\/2022\/01\/Transmisja-1.jpg 800w\" sizes=\"auto, (max-width: 286px) 100vw, 286px\" \/><\/a><\/figure><\/div>\n\n\n\n<p> <strong><hr class=\"wc-shortcodes-spacing \" style=\"height: 10px\" \/><\/strong> <\/p>\n\n\n<p><strong>ROZK\u0141AD NABO\u017bE\u0143STW W KO\u015aCIELE W PIESZKOWIE.<\/strong><\/p>\n<p>Szanowni Parafianie,<\/p>\n<p>Chcieliby\u015bmy poinformowa\u0107, \u017ce obecnie wyst\u0119puj\u0105 trudno\u015bci z transmisj\u0105 internetow\u0105 mszy \u015bwi\u0119tych odbywaj\u0105cych si\u0119 w naszym ko\u015bciele. Problemy te le\u017c\u0105 po stronie naszego dostawcy internetu i s\u0105 przez niego obecnie rozwi\u0105zywane.<\/p>\n<p>Przepraszamy za utrudnienia i prosimy o cierpliwo\u015b\u0107. Mamy nadziej\u0119, \u017ce wkr\u00f3tce sytuacja wr\u00f3ci do normy i b\u0119dziemy mogli ponownie korzysta\u0107 z transmisji bez zak\u0142\u00f3ce\u0144.<\/p>\n<p><strong>Msze \u015bwi\u0119te: <\/strong><br \/>niedziela, godz. 10:00\u00a0<br \/>\u015broda, godz. 17:00\u00a0<\/p>","protected":false},"excerpt":{"rendered":"ROZK\u0141AD NABO\u017bE\u0143STW W KO\u015aCIELE W PIESZKOWIE. Szanowni Parafianie, Chcieliby\u015bmy poinformowa\u0107, \u017ce obecnie wyst\u0119puj\u0105 trudno\u015bci z transmisj\u0105 internetow\u0105 mszy \u015bwi\u0119tych odbywaj\u0105cych si\u0119 w naszym ko\u015bciele. Problemy te le\u017c\u0105 po stronie naszego dostawcy internetu i s\u0105 przez niego obecnie rozwi\u0105zywane. Przepraszamy za utrudnienia i prosimy o cierpliwo\u015b\u0107. Mamy nadziej\u0119, \u017ce wkr\u00f3tce sytuacja wr\u00f3ci do normy i b\u0119dziemy&#8230; <a class=\"view-article\" href=\"https:\/\/pieszkow.pl\/?p=7371\">Czytaj ca\u0142o\u015b\u0107&#8230;<\/a>","protected":false},"author":1,"featured_media":0,"comment_status":"closed","ping_status":"closed","sticky":false,"template":"","format":"standard","meta":{"footnotes":""},"categories":[1,27],"tags":[],"class_list":["post-7371","post","type-post","status-publish","format-standard","hentry","category-bez-kategorii","category-transmisje-mszy-swietych"],"_links":{"self":[{"href":"https:\/\/pieszkow.pl\/index.php?rest_route=\/wp\/v2\/posts\/7371","targetHints":{"allow":["GET"]}}],"collection":[{"href":"https:\/\/pieszkow.pl\/index.php?rest_route=\/wp\/v2\/posts"}],"about":[{"href":"https:\/\/pieszkow.pl\/index.php?rest_route=\/wp\/v2\/types\/post"}],"author":[{"embeddable":true,"href":"https:\/\/pieszkow.pl\/index.php?rest_route=\/wp\/v2\/users\/1"}],"replies":[{"embeddable":true,"href":"https:\/\/pieszkow.pl\/index.php?rest_route=%2Fwp%2Fv2%2Fcomments&post=7371"}],"version-history":[{"count":19,"href":"https:\/\/pieszkow.pl\/index.php?rest_route=\/wp\/v2\/posts\/7371\/revisions"}],"predecessor-version":[{"id":7977,"href":"https:\/\/pieszkow.pl\/index.php?rest_route=\/wp\/v2\/posts\/7371\/revisions\/7977"}],"wp:attachment":[{"href":"https:\/\/pieszkow.pl\/index.php?rest_route=%2Fwp%2Fv2%2Fmedia&parent=7371"}],"wp:term":[{"taxonomy":"category","embeddable":true,"href":"https:\/\/pieszkow.pl\/index.php?rest_route=%2Fwp%2Fv2%2Fcategories&post=7371"},{"taxonomy":"post_tag","embeddable":true,"href":"https:\/\/pieszkow.pl\/index.php?rest_route=%2Fwp%2Fv2%2Ftags&post=7371"}],"curies":[{"name":"wp","href":"https:\/\/api.w.org\/{rel}","templated":true}]}}